{"id":6357,"date":"2023-12-06T20:47:17","date_gmt":"2023-12-06T20:47:17","guid":{"rendered":"https:\/\/surfcity.org\/?p=6357"},"modified":"2023-12-06T22:26:09","modified_gmt":"2023-12-06T22:26:09","slug":"los-mejores-momentos-del-alas-pro-tour-2023-en-surf-city","status":"publish","type":"post","link":"https:\/\/surfcity.org\/en\/los-mejores-momentos-del-alas-pro-tour-2023-en-surf-city\/","title":{"rendered":"Los mejores momentos del Alas Pro Tour 2023 en Surf City"},"content":{"rendered":"<div data-elementor-type=\"wp-post\" data-elementor-id=\"6357\" class=\"elementor elementor-6357\" data-elementor-post-type=\"post\">\n\t\t\t\t\t\t<section class=\"elementor-section elementor-top-section elementor-element elementor-element-60b0941 elementor-section-boxed elementor-section-height-default elementor-section-height-default\" data-id=\"60b0941\" data-element_type=\"section\" data-e-type=\"section\">\n\t\t\t\t\t\t<div class=\"elementor-container elementor-column-gap-default\">\n\t\t\t\t\t<div class=\"elementor-column elementor-col-100 elementor-top-column elementor-element elementor-element-f01faf7\" data-id=\"f01faf7\" data-element_type=\"column\" data-e-type=\"column\">\n\t\t\t<div class=\"elementor-widget-wrap elementor-element-populated\">\n\t\t\t\t\t\t<div class=\"elementor-element elementor-element-53883be elementor-widget elementor-widget-text-editor\" data-id=\"53883be\" data-element_type=\"widget\" data-e-type=\"widget\" data-widget_type=\"text-editor.default\">\n\t\t\t\t<div class=\"elementor-widget-container\">\n\t\t\t\t\t\t\t\t\t<p>Del 9 al 12 de noviembre tuvimos el honor de vivir el Alas Pro Tour 2023 en playa Las Flores donde recibimos a los mejores surfers, se tuvo la participaci\u00f3n de las categor\u00edas: Open, Longboard, Sub 14 y Sub 18 tanto femenino como masculino. &#8220;El Salvador una vez m\u00e1s ha preparado un evento de lujo en esta hermosa playa de Las Flores&#8221;, indic\u00f3 el presidente de ALAS, Karin Sierralta.<\/p>\t\t\t\t\t\t\t\t<\/div>\n\t\t\t\t<\/div>\n\t\t\t\t\t<\/div>\n\t\t<\/div>\n\t\t\t\t\t<\/div>\n\t\t<\/section>\n\t\t\t\t<section class=\"elementor-section elementor-top-section elementor-element elementor-element-cc9c055 elementor-section-boxed elementor-section-height-default elementor-section-height-default\" data-id=\"cc9c055\" data-element_type=\"section\" data-e-type=\"section\">\n\t\t\t\t\t\t<div class=\"elementor-container elementor-column-gap-default\">\n\t\t\t\t\t<div class=\"elementor-column elementor-col-100 elementor-top-column elementor-element elementor-element-6fff41b\" data-id=\"6fff41b\" data-element_type=\"column\" data-e-type=\"column\">\n\t\t\t<div class=\"elementor-widget-wrap elementor-element-populated\">\n\t\t\t\t\t\t<div class=\"elementor-element elementor-element-710995e elementor-widget elementor-widget-image\" data-id=\"710995e\" data-element_type=\"widget\" data-e-type=\"widget\" data-widget_type=\"image.default\">\n\t\t\t\t<div class=\"elementor-widget-container\">\n\t\t\t\t\t\t\t\t\t\t\t\t\t\t\t<img fetchpriority=\"high\" decoding=\"async\" width=\"2560\" height=\"1438\" src=\"https:\/\/surfcity.org\/wp-content\/uploads\/2023\/12\/Blog-2_NOV_2023_2.jpg\" class=\"attachment-full size-full wp-image-6367\" alt=\"\" srcset=\"https:\/\/surfcity.org\/wp-content\/uploads\/2023\/12\/Blog-2_NOV_2023_2.jpg 2560w, https:\/\/surfcity.org\/wp-content\/uploads\/2023\/12\/Blog-2_NOV_2023_2-300x169.jpg 300w, https:\/\/surfcity.org\/wp-content\/uploads\/2023\/12\/Blog-2_NOV_2023_2-1024x575.jpg 1024w, https:\/\/surfcity.org\/wp-content\/uploads\/2023\/12\/Blog-2_NOV_2023_2-768x431.jpg 768w, https:\/\/surfcity.org\/wp-content\/uploads\/2023\/12\/Blog-2_NOV_2023_2-1536x863.jpg 1536w, https:\/\/surfcity.org\/wp-content\/uploads\/2023\/12\/Blog-2_NOV_2023_2-2048x1150.jpg 2048w, https:\/\/surfcity.org\/wp-content\/uploads\/2023\/12\/Blog-2_NOV_2023_2-24x13.jpg 24w\" sizes=\"(max-width: 2560px) 100vw, 2560px\" \/>\t\t\t\t\t\t\t\t\t\t\t\t\t\t\t<\/div>\n\t\t\t\t<\/div>\n\t\t\t\t\t<\/div>\n\t\t<\/div>\n\t\t\t\t\t<\/div>\n\t\t<\/section>\n\t\t\t\t<section class=\"elementor-section elementor-top-section elementor-element elementor-element-0f19f44 elementor-section-boxed elementor-section-height-default elementor-section-height-default\" data-id=\"0f19f44\" data-element_type=\"section\" data-e-type=\"section\">\n\t\t\t\t\t\t<div class=\"elementor-container elementor-column-gap-default\">\n\t\t\t\t\t<div class=\"elementor-column elementor-col-100 elementor-top-column elementor-element elementor-element-875682b\" data-id=\"875682b\" data-element_type=\"column\" data-e-type=\"column\">\n\t\t\t<div class=\"elementor-widget-wrap elementor-element-populated\">\n\t\t\t\t\t\t<div class=\"elementor-element elementor-element-a99b318 elementor-widget elementor-widget-text-editor\" data-id=\"a99b318\" data-element_type=\"widget\" data-e-type=\"widget\" data-widget_type=\"text-editor.default\">\n\t\t\t\t<div class=\"elementor-widget-container\">\n\t\t\t\t\t\t\t\t\t<p class=\"p1\">El evento deportivo se vivi\u00f3 durante 4 d\u00edas en la playa Las Flores rodeada de naturaleza y de buenas olas, las cuales subieron al final del evento d\u00e1ndonos un final de la competencia espectacular. Surf City vivimos cada momento con la m\u00e1xima emoci\u00f3n de la mano del gran talento de los surfistas. Los resultados finales fueron los siguientes:<\/p>\t\t\t\t\t\t\t\t<\/div>\n\t\t\t\t<\/div>\n\t\t\t\t\t<\/div>\n\t\t<\/div>\n\t\t\t\t\t<\/div>\n\t\t<\/section>\n\t\t\t\t<section class=\"elementor-section elementor-top-section elementor-element elementor-element-722b7d4 elementor-section-boxed elementor-section-height-default elementor-section-height-default\" data-id=\"722b7d4\" data-element_type=\"section\" data-e-type=\"section\">\n\t\t\t\t\t\t<div class=\"elementor-container elementor-column-gap-default\">\n\t\t\t\t\t<div class=\"elementor-column elementor-col-100 elementor-top-column elementor-element elementor-element-caa76d3\" data-id=\"caa76d3\" data-element_type=\"column\" data-e-type=\"column\">\n\t\t\t<div class=\"elementor-widget-wrap elementor-element-populated\">\n\t\t\t\t\t\t<div class=\"elementor-element elementor-element-4f727fe elementor-widget elementor-widget-text-editor\" data-id=\"4f727fe\" data-element_type=\"widget\" data-e-type=\"widget\" data-widget_type=\"text-editor.default\">\n\t\t\t\t<div class=\"elementor-widget-container\">\n\t\t\t\t\t\t\t\t\t<p class=\"p1\"><strong>Open hombres:<\/strong><\/p><ol><li class=\"p1\">Bryan P\u00e9rez (SAL)<\/li><li class=\"p1\">Lucca Mesinas (PER)<\/li><li class=\"p1\">Gabriel Vargas (PER) y JJ L\u00f3pez (VEN)<\/li><\/ol><p class=\"p1\"><strong>Open damas<span class=\"s1\">:<\/span><\/strong><\/p><ol><li class=\"p1\">Melanie Giunta (PER)<\/li><li class=\"p1\">Daniella Rosas (PER)<\/li><li class=\"p1\">Indiana Ferri (CRC)<\/li><li class=\"p1\">Marcela Machado (URU)<\/li><\/ol><p class=\"p1\"><strong>Sub 18 hombres<span class=\"s1\">:<\/span><\/strong><\/p><ol><li class=\"p1\">Noel de la Torre (ARG)<\/li><li class=\"p1\">Maxi S\u00e1enz (ECU)<\/li><li class=\"p1\">Thiago Passeri (ARG)<\/li><li class=\"p1\">Nesher D\u00edaz (MEX)<\/li><\/ol><p class=\"p1\"><strong>Sub 18 damas<span class=\"s1\">:<\/span><\/strong><\/p><ol><li class=\"p1\">Catalina Zariquiey (PER)<\/li><li class=\"p1\">Coral Bonilla (MEX)<\/li><li class=\"p1\">Maya Mateja (MEX)<\/li><li class=\"p1\">Rachel Agu\u0308ero (CRC)<\/li><\/ol><p>\u00a0<\/p><p class=\"p1\"><strong>Sub 14 hombres<span class=\"s1\">:<\/span><\/strong><\/p><ol><li class=\"p1\">Thiago Passeri (ARG)<\/li><li class=\"p1\">Kau\u00e1 Carvalho (BRA)<\/li><li class=\"p1\">V\u00edctor Camarena (PAN)<\/li><li class=\"p1\">Amets Garai (CRC)<\/li><\/ol><p class=\"p1\"><strong>Sub 14 mujeres<span class=\"s1\">:<\/span><\/strong><\/p><ol><li class=\"p1\">Catalina Zariquiey (PER)<\/li><li class=\"p1\">Sophia Ramos (ESA)<\/li><li class=\"p1\">Mikela Castro (CRC)<\/li><li class=\"p1\">Annabelle Castle (USA)<\/li><\/ol><p class=\"p1\"><strong>Longboard hombres<span class=\"s1\">:<\/span><\/strong><\/p><ol><li class=\"p1\">Tony Silvagni (USA)<\/li><li class=\"p1\">Juli\u00e1n Schweizer (URU)<\/li><li class=\"p1\">Agust\u00edn Cede\u00f1o (PAN)<\/li><li class=\"p1\">Henry Salinas (SAL)<\/li><\/ol><p class=\"p1\"><strong>Longboard damas<span class=\"s1\">:<\/span><\/strong><\/p><ol><li class=\"p1\">Lia Diaz (CRC)<\/li><li class=\"p1\">Brenda Flores (MEX)<\/li><li class=\"p1\">Coral Bonilla (MEX)<\/li><li class=\"p1\">Sindy Portillo (ESA)<\/li><\/ol>\t\t\t\t\t\t\t\t<\/div>\n\t\t\t\t<\/div>\n\t\t\t\t\t<\/div>\n\t\t<\/div>\n\t\t\t\t\t<\/div>\n\t\t<\/section>\n\t\t\t\t<section class=\"elementor-section elementor-top-section elementor-element elementor-element-2a26ef0 elementor-section-boxed elementor-section-height-default elementor-section-height-default\" data-id=\"2a26ef0\" data-element_type=\"section\" data-e-type=\"section\">\n\t\t\t\t\t\t<div class=\"elementor-container elementor-column-gap-default\">\n\t\t\t\t\t<div class=\"elementor-column elementor-col-100 elementor-top-column elementor-element elementor-element-08cb776\" data-id=\"08cb776\" data-element_type=\"column\" data-e-type=\"column\">\n\t\t\t<div class=\"elementor-widget-wrap elementor-element-populated\">\n\t\t\t\t\t\t<div class=\"elementor-element elementor-element-87478a8 elementor-arrows-position-inside elementor-pagination-position-outside elementor-widget elementor-widget-image-carousel\" data-id=\"87478a8\" data-element_type=\"widget\" data-e-type=\"widget\" data-settings=\"{&quot;slides_to_show&quot;:&quot;1&quot;,&quot;effect&quot;:&quot;fade&quot;,&quot;navigation&quot;:&quot;both&quot;,&quot;autoplay&quot;:&quot;yes&quot;,&quot;pause_on_hover&quot;:&quot;yes&quot;,&quot;pause_on_interaction&quot;:&quot;yes&quot;,&quot;autoplay_speed&quot;:5000,&quot;infinite&quot;:&quot;yes&quot;,&quot;speed&quot;:500}\" data-widget_type=\"image-carousel.default\">\n\t\t\t\t<div class=\"elementor-widget-container\">\n\t\t\t\t\t\t\t<div class=\"elementor-image-carousel-wrapper swiper\" role=\"region\" aria-roledescription=\"carousel\" aria-label=\"Carrusel de im\u00e1genes\" dir=\"ltr\">\n\t\t\t<div class=\"elementor-image-carousel swiper-wrapper\" aria-live=\"off\">\n\t\t\t\t\t\t\t\t<div class=\"swiper-slide\" role=\"group\" aria-roledescription=\"slide\" aria-label=\"1 de 5\"><figure class=\"swiper-slide-inner\"><img decoding=\"async\" class=\"swiper-slide-image\" src=\"https:\/\/surfcity.org\/wp-content\/uploads\/2023\/12\/Blog-2_NOV_2023_Gallery_01.jpg\" alt=\"Blog-2_NOV_2023_Gallery_01\" \/><\/figure><\/div><div class=\"swiper-slide\" role=\"group\" aria-roledescription=\"slide\" aria-label=\"2 de 5\"><figure class=\"swiper-slide-inner\"><img decoding=\"async\" class=\"swiper-slide-image\" src=\"https:\/\/surfcity.org\/wp-content\/uploads\/2023\/12\/Blog-2_NOV_2023_Gallery_02.jpg\" alt=\"Blog-2_NOV_2023_Gallery_02\" \/><\/figure><\/div><div class=\"swiper-slide\" role=\"group\" aria-roledescription=\"slide\" aria-label=\"3 de 5\"><figure class=\"swiper-slide-inner\"><img decoding=\"async\" class=\"swiper-slide-image\" src=\"https:\/\/surfcity.org\/wp-content\/uploads\/2023\/12\/Blog-2_NOV_2023_Gallery_03.jpg\" alt=\"Blog-2_NOV_2023_Gallery_03\" \/><\/figure><\/div><div class=\"swiper-slide\" role=\"group\" aria-roledescription=\"slide\" aria-label=\"4 de 5\"><figure class=\"swiper-slide-inner\"><img decoding=\"async\" class=\"swiper-slide-image\" src=\"https:\/\/surfcity.org\/wp-content\/uploads\/2023\/12\/Blog-2_NOV_2023_Gallery_04.jpg\" alt=\"Blog-2_NOV_2023_Gallery_04\" \/><\/figure><\/div><div class=\"swiper-slide\" role=\"group\" aria-roledescription=\"slide\" aria-label=\"5 de 5\"><figure class=\"swiper-slide-inner\"><img decoding=\"async\" class=\"swiper-slide-image\" src=\"https:\/\/surfcity.org\/wp-content\/uploads\/2023\/12\/Blog-2_NOV_2023_Gallery_05.jpg\" alt=\"Blog-2_NOV_2023_Gallery_05\" \/><\/figure><\/div>\t\t\t<\/div>\n\t\t\t\t\t\t\t\t\t\t\t\t<div class=\"elementor-swiper-button elementor-swiper-button-prev\" role=\"button\" tabindex=\"0\">\n\t\t\t\t\t\t<i aria-hidden=\"true\" class=\"eicon-chevron-left\"><\/i>\t\t\t\t\t<\/div>\n\t\t\t\t\t<div class=\"elementor-swiper-button elementor-swiper-button-next\" role=\"button\" tabindex=\"0\">\n\t\t\t\t\t\t<i aria-hidden=\"true\" class=\"eicon-chevron-right\"><\/i>\t\t\t\t\t<\/div>\n\t\t\t\t\n\t\t\t\t\t\t\t\t\t<div class=\"swiper-pagination\"><\/div>\n\t\t\t\t\t\t\t\t\t<\/div>\n\t\t\t\t\t\t<\/div>\n\t\t\t\t<\/div>\n\t\t\t\t<div class=\"elementor-element elementor-element-ac9088a elementor-widget elementor-widget-text-editor\" data-id=\"ac9088a\" data-element_type=\"widget\" data-e-type=\"widget\" data-widget_type=\"text-editor.default\">\n\t\t\t\t<div class=\"elementor-widget-container\">\n\t\t\t\t\t\t\t\t\t<p class=\"p1\">Alas Pro Tour 2023 se suma a los eventos importantes de surf en los que Surf City El Salvador ha sido anfitri\u00f3n desde 2019.<\/p><p class=\"p1\">Si quieres vivir las pr\u00f3ximas competencias de surf que est\u00e1n por venir en el nuevo a\u00f1o, s\u00edguenos en nuestras redes sociales para no perderte ni un detalle de lo que pasar\u00e1: <a href=\"https:\/\/www.instagram.com\/surfcity\/\" target=\"_blank\" rel=\"noopener\"><span class=\"s1\">Surf City El Salvador<\/span><\/a><\/p>\t\t\t\t\t\t\t\t<\/div>\n\t\t\t\t<\/div>\n\t\t\t\t\t<\/div>\n\t\t<\/div>\n\t\t\t\t\t<\/div>\n\t\t<\/section>\n\t\t\t\t<\/div>","protected":false},"excerpt":{"rendered":"<p>Del 9 al 12 de noviembre tuvimos el honor de vivir el Alas Pro Tour 2023 en playa Las Flores donde recibimos a los mejores surfers, se tuvo la participaci\u00f3n de las categor\u00edas: Open, Longboard, Sub 14 y Sub 18 tanto femenino como masculino. &#8220;El Salvador una vez m\u00e1s ha preparado un evento de lujo [&hellip;]<\/p>\n","protected":false},"author":1,"featured_media":6362,"comment_status":"closed","ping_status":"closed","sticky":false,"template":"","format":"standard","meta":{"inline_featured_image":false,"footnotes":""},"categories":[5,82,85,80],"tags":[],"class_list":["post-6357","post","type-post","status-publish","format-standard","has-post-thumbnail","hentry","category-blog","category-nature","category-surf","category-travel"],"yoast_head":"<!-- This site is optimized with the Yoast SEO plugin v27.4 - https:\/\/yoast.com\/product\/yoast-seo-wordpress\/ -->\n<title>Los mejores momentos del Alas Pro Tour 2023 en Surf City - Surf City<\/title>\n<meta name=\"description\" content=\"Surf City 2 ser\u00e1 un nuevo destino para los amantes del surf que ya conocen Surf City 1 donde se encuentran playas como: El Tunco, El Zonte, Punta Roca y El Sunzal. Esta segunda etapa est\u00e1 ubicada en la zona oriental de El Salvador.\" \/>\n<meta name=\"robots\" content=\"index, follow, max-snippet:-1, max-image-preview:large, max-video-preview:-1\" \/>\n<link rel=\"canonical\" href=\"https:\/\/surfcity.org\/en\/los-mejores-momentos-del-alas-pro-tour-2023-en-surf-city\/\" \/>\n<meta property=\"og:locale\" content=\"en_US\" \/>\n<meta property=\"og:type\" content=\"article\" \/>\n<meta property=\"og:title\" content=\"Los mejores momentos del Alas Pro Tour 2023 en Surf City - Surf City\" \/>\n<meta property=\"og:description\" content=\"Surf City 2 ser\u00e1 un nuevo destino para los amantes del surf que ya conocen Surf City 1 donde se encuentran playas como: El Tunco, El Zonte, Punta Roca y El Sunzal. Esta segunda etapa est\u00e1 ubicada en la zona oriental de El Salvador.\" \/>\n<meta property=\"og:url\" content=\"https:\/\/surfcity.org\/en\/los-mejores-momentos-del-alas-pro-tour-2023-en-surf-city\/\" \/>\n<meta property=\"og:site_name\" content=\"Surf City\" \/>\n<meta property=\"article:publisher\" content=\"https:\/\/www.facebook.com\/Surf-City-El-Salvador-117865413461208\" \/>\n<meta property=\"article:published_time\" content=\"2023-12-06T20:47:17+00:00\" \/>\n<meta property=\"article:modified_time\" content=\"2023-12-06T22:26:09+00:00\" \/>\n<meta property=\"og:image\" content=\"https:\/\/surfcity.org\/wp-content\/uploads\/2023\/12\/Blog-2_NOV_2023.jpg\" \/>\n\t<meta property=\"og:image:width\" content=\"2560\" \/>\n\t<meta property=\"og:image:height\" content=\"1438\" \/>\n\t<meta property=\"og:image:type\" content=\"image\/jpeg\" \/>\n<meta name=\"author\" content=\"surfcity_articles\" \/>\n<meta name=\"twitter:card\" content=\"summary_large_image\" \/>\n<meta name=\"twitter:creator\" content=\"@surfcity\" \/>\n<meta name=\"twitter:site\" content=\"@surfcity\" \/>\n<meta name=\"twitter:label1\" content=\"Written by\" \/>\n\t<meta name=\"twitter:data1\" content=\"surfcity_articles\" \/>\n\t<meta name=\"twitter:label2\" content=\"Est. reading time\" \/>\n\t<meta name=\"twitter:data2\" content=\"2 minutes\" \/>\n<script type=\"application\/ld+json\" class=\"yoast-schema-graph\">{\"@context\":\"https:\\\/\\\/schema.org\",\"@graph\":[{\"@type\":\"Article\",\"@id\":\"https:\\\/\\\/surfcity.org\\\/los-mejores-momentos-del-alas-pro-tour-2023-en-surf-city\\\/#article\",\"isPartOf\":{\"@id\":\"https:\\\/\\\/surfcity.org\\\/los-mejores-momentos-del-alas-pro-tour-2023-en-surf-city\\\/\"},\"author\":{\"name\":\"surfcity_articles\",\"@id\":\"https:\\\/\\\/surfcity.org\\\/es\\\/#\\\/schema\\\/person\\\/d75eb069de8626ad07315bf0965b50b2\"},\"headline\":\"Los mejores momentos del Alas Pro Tour 2023 en Surf City\",\"datePublished\":\"2023-12-06T20:47:17+00:00\",\"dateModified\":\"2023-12-06T22:26:09+00:00\",\"mainEntityOfPage\":{\"@id\":\"https:\\\/\\\/surfcity.org\\\/los-mejores-momentos-del-alas-pro-tour-2023-en-surf-city\\\/\"},\"wordCount\":324,\"publisher\":{\"@id\":\"https:\\\/\\\/surfcity.org\\\/es\\\/#organization\"},\"image\":{\"@id\":\"https:\\\/\\\/surfcity.org\\\/los-mejores-momentos-del-alas-pro-tour-2023-en-surf-city\\\/#primaryimage\"},\"thumbnailUrl\":\"https:\\\/\\\/surfcity.org\\\/wp-content\\\/uploads\\\/2023\\\/12\\\/Blog-2_NOV_2023.jpg\",\"articleSection\":[\"Blog\",\"Nature\",\"surf\",\"Travel\"],\"inLanguage\":\"en-US\"},{\"@type\":\"WebPage\",\"@id\":\"https:\\\/\\\/surfcity.org\\\/los-mejores-momentos-del-alas-pro-tour-2023-en-surf-city\\\/\",\"url\":\"https:\\\/\\\/surfcity.org\\\/los-mejores-momentos-del-alas-pro-tour-2023-en-surf-city\\\/\",\"name\":\"Los mejores momentos del Alas Pro Tour 2023 en Surf City - Surf City\",\"isPartOf\":{\"@id\":\"https:\\\/\\\/surfcity.org\\\/es\\\/#website\"},\"primaryImageOfPage\":{\"@id\":\"https:\\\/\\\/surfcity.org\\\/los-mejores-momentos-del-alas-pro-tour-2023-en-surf-city\\\/#primaryimage\"},\"image\":{\"@id\":\"https:\\\/\\\/surfcity.org\\\/los-mejores-momentos-del-alas-pro-tour-2023-en-surf-city\\\/#primaryimage\"},\"thumbnailUrl\":\"https:\\\/\\\/surfcity.org\\\/wp-content\\\/uploads\\\/2023\\\/12\\\/Blog-2_NOV_2023.jpg\",\"datePublished\":\"2023-12-06T20:47:17+00:00\",\"dateModified\":\"2023-12-06T22:26:09+00:00\",\"description\":\"Surf City 2 ser\u00e1 un nuevo destino para los amantes del surf que ya conocen Surf City 1 donde se encuentran playas como: El Tunco, El Zonte, Punta Roca y El Sunzal. Esta segunda etapa est\u00e1 ubicada en la zona oriental de El Salvador.\",\"breadcrumb\":{\"@id\":\"https:\\\/\\\/surfcity.org\\\/los-mejores-momentos-del-alas-pro-tour-2023-en-surf-city\\\/#breadcrumb\"},\"inLanguage\":\"en-US\",\"potentialAction\":[{\"@type\":\"ReadAction\",\"target\":[\"https:\\\/\\\/surfcity.org\\\/los-mejores-momentos-del-alas-pro-tour-2023-en-surf-city\\\/\"]}]},{\"@type\":\"ImageObject\",\"inLanguage\":\"en-US\",\"@id\":\"https:\\\/\\\/surfcity.org\\\/los-mejores-momentos-del-alas-pro-tour-2023-en-surf-city\\\/#primaryimage\",\"url\":\"https:\\\/\\\/surfcity.org\\\/wp-content\\\/uploads\\\/2023\\\/12\\\/Blog-2_NOV_2023.jpg\",\"contentUrl\":\"https:\\\/\\\/surfcity.org\\\/wp-content\\\/uploads\\\/2023\\\/12\\\/Blog-2_NOV_2023.jpg\",\"width\":2560,\"height\":1438},{\"@type\":\"BreadcrumbList\",\"@id\":\"https:\\\/\\\/surfcity.org\\\/los-mejores-momentos-del-alas-pro-tour-2023-en-surf-city\\\/#breadcrumb\",\"itemListElement\":[{\"@type\":\"ListItem\",\"position\":1,\"name\":\"Inicio\",\"item\":\"https:\\\/\\\/surfcity.org\\\/\"},{\"@type\":\"ListItem\",\"position\":2,\"name\":\"Los mejores momentos del Alas Pro Tour 2023 en Surf City\"}]},{\"@type\":\"WebSite\",\"@id\":\"https:\\\/\\\/surfcity.org\\\/es\\\/#website\",\"url\":\"https:\\\/\\\/surfcity.org\\\/es\\\/\",\"name\":\"Surf City\",\"description\":\"El Salvador\",\"publisher\":{\"@id\":\"https:\\\/\\\/surfcity.org\\\/es\\\/#organization\"},\"potentialAction\":[{\"@type\":\"SearchAction\",\"target\":{\"@type\":\"EntryPoint\",\"urlTemplate\":\"https:\\\/\\\/surfcity.org\\\/es\\\/?s={search_term_string}\"},\"query-input\":{\"@type\":\"PropertyValueSpecification\",\"valueRequired\":true,\"valueName\":\"search_term_string\"}}],\"inLanguage\":\"en-US\"},{\"@type\":\"Organization\",\"@id\":\"https:\\\/\\\/surfcity.org\\\/es\\\/#organization\",\"name\":\"Surf City El Salvador\",\"url\":\"https:\\\/\\\/surfcity.org\\\/es\\\/\",\"logo\":{\"@type\":\"ImageObject\",\"inLanguage\":\"en-US\",\"@id\":\"https:\\\/\\\/surfcity.org\\\/es\\\/#\\\/schema\\\/logo\\\/image\\\/\",\"url\":\"https:\\\/\\\/surfcity.org\\\/wp-content\\\/uploads\\\/2023\\\/09\\\/LogoSC.png\",\"contentUrl\":\"https:\\\/\\\/surfcity.org\\\/wp-content\\\/uploads\\\/2023\\\/09\\\/LogoSC.png\",\"width\":309,\"height\":74,\"caption\":\"Surf City El Salvador\"},\"image\":{\"@id\":\"https:\\\/\\\/surfcity.org\\\/es\\\/#\\\/schema\\\/logo\\\/image\\\/\"},\"sameAs\":[\"https:\\\/\\\/www.facebook.com\\\/Surf-City-El-Salvador-117865413461208\",\"https:\\\/\\\/x.com\\\/surfcity\",\"https:\\\/\\\/www.instagram.com\\\/surfcity\\\/\",\"https:\\\/\\\/www.tiktok.com\\\/@surfcity\"]},{\"@type\":\"Person\",\"@id\":\"https:\\\/\\\/surfcity.org\\\/es\\\/#\\\/schema\\\/person\\\/d75eb069de8626ad07315bf0965b50b2\",\"name\":\"surfcity_articles\",\"image\":{\"@type\":\"ImageObject\",\"inLanguage\":\"en-US\",\"@id\":\"https:\\\/\\\/secure.gravatar.com\\\/avatar\\\/7734c9fdc3cc52597af4dd9e16a72f89940ef1ccc42a3f6359494f02135d5c4c?s=96&d=mm&r=g\",\"url\":\"https:\\\/\\\/secure.gravatar.com\\\/avatar\\\/7734c9fdc3cc52597af4dd9e16a72f89940ef1ccc42a3f6359494f02135d5c4c?s=96&d=mm&r=g\",\"contentUrl\":\"https:\\\/\\\/secure.gravatar.com\\\/avatar\\\/7734c9fdc3cc52597af4dd9e16a72f89940ef1ccc42a3f6359494f02135d5c4c?s=96&d=mm&r=g\",\"caption\":\"surfcity_articles\"},\"sameAs\":[\"https:\\\/\\\/surfcity.org\\\/articles\"],\"url\":\"https:\\\/\\\/surfcity.org\\\/en\\\/author\\\/surfcity_articles\\\/\"}]}<\/script>\n<!-- \/ Yoast SEO plugin. -->","yoast_head_json":{"title":"Los mejores momentos del Alas Pro Tour 2023 en Surf City - Surf City","description":"Surf City 2 ser\u00e1 un nuevo destino para los amantes del surf que ya conocen Surf City 1 donde se encuentran playas como: El Tunco, El Zonte, Punta Roca y El Sunzal. Esta segunda etapa est\u00e1 ubicada en la zona oriental de El Salvador.","robots":{"index":"index","follow":"follow","max-snippet":"max-snippet:-1","max-image-preview":"max-image-preview:large","max-video-preview":"max-video-preview:-1"},"canonical":"https:\/\/surfcity.org\/en\/los-mejores-momentos-del-alas-pro-tour-2023-en-surf-city\/","og_locale":"en_US","og_type":"article","og_title":"Los mejores momentos del Alas Pro Tour 2023 en Surf City - Surf City","og_description":"Surf City 2 ser\u00e1 un nuevo destino para los amantes del surf que ya conocen Surf City 1 donde se encuentran playas como: El Tunco, El Zonte, Punta Roca y El Sunzal. Esta segunda etapa est\u00e1 ubicada en la zona oriental de El Salvador.","og_url":"https:\/\/surfcity.org\/en\/los-mejores-momentos-del-alas-pro-tour-2023-en-surf-city\/","og_site_name":"Surf City","article_publisher":"https:\/\/www.facebook.com\/Surf-City-El-Salvador-117865413461208","article_published_time":"2023-12-06T20:47:17+00:00","article_modified_time":"2023-12-06T22:26:09+00:00","og_image":[{"width":2560,"height":1438,"url":"https:\/\/surfcity.org\/wp-content\/uploads\/2023\/12\/Blog-2_NOV_2023.jpg","type":"image\/jpeg"}],"author":"surfcity_articles","twitter_card":"summary_large_image","twitter_creator":"@surfcity","twitter_site":"@surfcity","twitter_misc":{"Written by":"surfcity_articles","Est. reading time":"2 minutes"},"schema":{"@context":"https:\/\/schema.org","@graph":[{"@type":"Article","@id":"https:\/\/surfcity.org\/los-mejores-momentos-del-alas-pro-tour-2023-en-surf-city\/#article","isPartOf":{"@id":"https:\/\/surfcity.org\/los-mejores-momentos-del-alas-pro-tour-2023-en-surf-city\/"},"author":{"name":"surfcity_articles","@id":"https:\/\/surfcity.org\/es\/#\/schema\/person\/d75eb069de8626ad07315bf0965b50b2"},"headline":"Los mejores momentos del Alas Pro Tour 2023 en Surf City","datePublished":"2023-12-06T20:47:17+00:00","dateModified":"2023-12-06T22:26:09+00:00","mainEntityOfPage":{"@id":"https:\/\/surfcity.org\/los-mejores-momentos-del-alas-pro-tour-2023-en-surf-city\/"},"wordCount":324,"publisher":{"@id":"https:\/\/surfcity.org\/es\/#organization"},"image":{"@id":"https:\/\/surfcity.org\/los-mejores-momentos-del-alas-pro-tour-2023-en-surf-city\/#primaryimage"},"thumbnailUrl":"https:\/\/surfcity.org\/wp-content\/uploads\/2023\/12\/Blog-2_NOV_2023.jpg","articleSection":["Blog","Nature","surf","Travel"],"inLanguage":"en-US"},{"@type":"WebPage","@id":"https:\/\/surfcity.org\/los-mejores-momentos-del-alas-pro-tour-2023-en-surf-city\/","url":"https:\/\/surfcity.org\/los-mejores-momentos-del-alas-pro-tour-2023-en-surf-city\/","name":"Los mejores momentos del Alas Pro Tour 2023 en Surf City - Surf City","isPartOf":{"@id":"https:\/\/surfcity.org\/es\/#website"},"primaryImageOfPage":{"@id":"https:\/\/surfcity.org\/los-mejores-momentos-del-alas-pro-tour-2023-en-surf-city\/#primaryimage"},"image":{"@id":"https:\/\/surfcity.org\/los-mejores-momentos-del-alas-pro-tour-2023-en-surf-city\/#primaryimage"},"thumbnailUrl":"https:\/\/surfcity.org\/wp-content\/uploads\/2023\/12\/Blog-2_NOV_2023.jpg","datePublished":"2023-12-06T20:47:17+00:00","dateModified":"2023-12-06T22:26:09+00:00","description":"Surf City 2 ser\u00e1 un nuevo destino para los amantes del surf que ya conocen Surf City 1 donde se encuentran playas como: El Tunco, El Zonte, Punta Roca y El Sunzal. Esta segunda etapa est\u00e1 ubicada en la zona oriental de El Salvador.","breadcrumb":{"@id":"https:\/\/surfcity.org\/los-mejores-momentos-del-alas-pro-tour-2023-en-surf-city\/#breadcrumb"},"inLanguage":"en-US","potentialAction":[{"@type":"ReadAction","target":["https:\/\/surfcity.org\/los-mejores-momentos-del-alas-pro-tour-2023-en-surf-city\/"]}]},{"@type":"ImageObject","inLanguage":"en-US","@id":"https:\/\/surfcity.org\/los-mejores-momentos-del-alas-pro-tour-2023-en-surf-city\/#primaryimage","url":"https:\/\/surfcity.org\/wp-content\/uploads\/2023\/12\/Blog-2_NOV_2023.jpg","contentUrl":"https:\/\/surfcity.org\/wp-content\/uploads\/2023\/12\/Blog-2_NOV_2023.jpg","width":2560,"height":1438},{"@type":"BreadcrumbList","@id":"https:\/\/surfcity.org\/los-mejores-momentos-del-alas-pro-tour-2023-en-surf-city\/#breadcrumb","itemListElement":[{"@type":"ListItem","position":1,"name":"Inicio","item":"https:\/\/surfcity.org\/"},{"@type":"ListItem","position":2,"name":"Los mejores momentos del Alas Pro Tour 2023 en Surf City"}]},{"@type":"WebSite","@id":"https:\/\/surfcity.org\/es\/#website","url":"https:\/\/surfcity.org\/es\/","name":"Surf City","description":"El Salvador","publisher":{"@id":"https:\/\/surfcity.org\/es\/#organization"},"potentialAction":[{"@type":"SearchAction","target":{"@type":"EntryPoint","urlTemplate":"https:\/\/surfcity.org\/es\/?s={search_term_string}"},"query-input":{"@type":"PropertyValueSpecification","valueRequired":true,"valueName":"search_term_string"}}],"inLanguage":"en-US"},{"@type":"Organization","@id":"https:\/\/surfcity.org\/es\/#organization","name":"Surf City El Salvador","url":"https:\/\/surfcity.org\/es\/","logo":{"@type":"ImageObject","inLanguage":"en-US","@id":"https:\/\/surfcity.org\/es\/#\/schema\/logo\/image\/","url":"https:\/\/surfcity.org\/wp-content\/uploads\/2023\/09\/LogoSC.png","contentUrl":"https:\/\/surfcity.org\/wp-content\/uploads\/2023\/09\/LogoSC.png","width":309,"height":74,"caption":"Surf City El Salvador"},"image":{"@id":"https:\/\/surfcity.org\/es\/#\/schema\/logo\/image\/"},"sameAs":["https:\/\/www.facebook.com\/Surf-City-El-Salvador-117865413461208","https:\/\/x.com\/surfcity","https:\/\/www.instagram.com\/surfcity\/","https:\/\/www.tiktok.com\/@surfcity"]},{"@type":"Person","@id":"https:\/\/surfcity.org\/es\/#\/schema\/person\/d75eb069de8626ad07315bf0965b50b2","name":"surfcity_articles","image":{"@type":"ImageObject","inLanguage":"en-US","@id":"https:\/\/secure.gravatar.com\/avatar\/7734c9fdc3cc52597af4dd9e16a72f89940ef1ccc42a3f6359494f02135d5c4c?s=96&d=mm&r=g","url":"https:\/\/secure.gravatar.com\/avatar\/7734c9fdc3cc52597af4dd9e16a72f89940ef1ccc42a3f6359494f02135d5c4c?s=96&d=mm&r=g","contentUrl":"https:\/\/secure.gravatar.com\/avatar\/7734c9fdc3cc52597af4dd9e16a72f89940ef1ccc42a3f6359494f02135d5c4c?s=96&d=mm&r=g","caption":"surfcity_articles"},"sameAs":["https:\/\/surfcity.org\/articles"],"url":"https:\/\/surfcity.org\/en\/author\/surfcity_articles\/"}]}},"_links":{"self":[{"href":"https:\/\/surfcity.org\/en\/wp-json\/wp\/v2\/posts\/6357","targetHints":{"allow":["GET"]}}],"collection":[{"href":"https:\/\/surfcity.org\/en\/wp-json\/wp\/v2\/posts"}],"about":[{"href":"https:\/\/surfcity.org\/en\/wp-json\/wp\/v2\/types\/post"}],"author":[{"embeddable":true,"href":"https:\/\/surfcity.org\/en\/wp-json\/wp\/v2\/users\/1"}],"replies":[{"embeddable":true,"href":"https:\/\/surfcity.org\/en\/wp-json\/wp\/v2\/comments?post=6357"}],"version-history":[{"count":19,"href":"https:\/\/surfcity.org\/en\/wp-json\/wp\/v2\/posts\/6357\/revisions"}],"predecessor-version":[{"id":6385,"href":"https:\/\/surfcity.org\/en\/wp-json\/wp\/v2\/posts\/6357\/revisions\/6385"}],"wp:featuredmedia":[{"embeddable":true,"href":"https:\/\/surfcity.org\/en\/wp-json\/wp\/v2\/media\/6362"}],"wp:attachment":[{"href":"https:\/\/surfcity.org\/en\/wp-json\/wp\/v2\/media?parent=6357"}],"wp:term":[{"taxonomy":"category","embeddable":true,"href":"https:\/\/surfcity.org\/en\/wp-json\/wp\/v2\/categories?post=6357"},{"taxonomy":"post_tag","embeddable":true,"href":"https:\/\/surfcity.org\/en\/wp-json\/wp\/v2\/tags?post=6357"}],"curies":[{"name":"wp","href":"https:\/\/api.w.org\/{rel}","templated":true}]}}